{"id":39,"date":"2026-07-20T15:56:33","date_gmt":"2026-07-20T15:56:33","guid":{"rendered":"https:\/\/aposentardevez.com\/?p=39"},"modified":"2026-08-16T21:27:01","modified_gmt":"2026-08-16T21:27:01","slug":"alimentacao-saudavel-na-terceiar-idade","status":"publish","type":"post","link":"https:\/\/aposentardevez.com\/alimentacao-saudavel-na-terceiar-idade\/","title":{"rendered":"Alimenta\u00e7\u00e3o Saud\u00e1vel"},"content":{"rendered":"\t\t<div data-elementor-type=\"wp-post\" data-elementor-id=\"39\" class=\"elementor elementor-39\" data-elementor-post-type=\"post\">\n\t\t\t\t<div class=\"elementor-element elementor-element-8c2898b e-con e-atomic-element e-flexbox-base e-1fe7482 \" data-id=\"8c2898b\" data-element_type=\"e-flexbox\" data-e-type=\"e-flexbox\" data-interaction-id=\"8c2898b\">\n    \t\t\t<img fetchpriority=\"high\" decoding=\"async\" class=\"e-image-base \" data-interaction-id=\"726044b\" id=\"26\" src=\"https:\/\/aposentardevez.com\/wp-content\/uploads\/2026\/07\/Alimentacao-saudavel-.jpg\" width=\"540\" height=\"241\" srcset=\"https:\/\/aposentardevez.com\/wp-content\/uploads\/2026\/07\/Alimentacao-saudavel-.jpg 540w, https:\/\/aposentardevez.com\/wp-content\/uploads\/2026\/07\/Alimentacao-saudavel--300x134.jpg 300w\" alt=\"Alimenta\u00e7\u00e3o sud\u00e1vel\"\/>\t\t\n<\/div>\n<div class=\"elementor-element elementor-element-8108ac8 e-con e-atomic-element e-flexbox-base e-f3fd4ad \" data-id=\"8108ac8\" data-element_type=\"e-flexbox\" data-e-type=\"e-flexbox\" data-interaction-id=\"8108ac8\">\n    \t\t<div class=\"elementor-element elementor-element-5893640 elementor-widget elementor-widget-heading\" data-id=\"5893640\" data-element_type=\"widget\" data-e-type=\"widget\" data-widget_type=\"heading.default\">\n\t\t\t\t\t<h1 class=\"elementor-heading-title elementor-size-default\">Alimenta\u00e7\u00e3o Saud\u00e1vel na Terceira Idade:<\/h1>\t\t\t\t<\/div>\n\t\t\n<\/div>\n<div class=\"elementor-element elementor-element-f00378e e-con e-atomic-element e-flexbox-base e-cc50b86 \" data-id=\"f00378e\" data-element_type=\"e-flexbox\" data-e-type=\"e-flexbox\" data-interaction-id=\"f00378e\">\n    <div class=\"elementor-element elementor-element-a184af9 e-flex e-con-boxed e-con e-parent\" data-id=\"a184af9\" data-element_type=\"container\" data-e-type=\"container\">\n\t\t\t\t\t<div class=\"e-con-inner\">\n\t\t<div class=\"elementor-element elementor-element-e67a2ed e-con-full e-flex e-con e-child\" data-id=\"e67a2ed\" data-element_type=\"container\" data-e-type=\"container\">\n\t\t\t\t<div class=\"elementor-element elementor-element-c569e80 elementor-widget elementor-widget-text-editor\" data-id=\"c569e80\" data-element_type=\"widget\" data-e-type=\"widget\" data-widget_type=\"text-editor.default\">\n\t\t\t\t\t\t\t\t\t<p data-pm-slice=\"1 1 []\">A <a href=\"https:\/\/www.gov.br\/saude\/pt-br\/assuntos\/saude-de-a-a-z\/s\/saude-da-pessoa-idosa\/alimentacao-saudavel\" target=\"_blank\" rel=\"noopener\">alimenta\u00e7\u00e3o saud\u00e1vel<\/a> \u00e9 um dos pilares fundamentais para manter a qualidade de vida e o bem-estar, especialmente na terceira idade. Estudos mostram que uma dieta equilibrada pode reduzir em at\u00e9 30% o risco de desenvolvimento de doen\u00e7as cr\u00f4nicas, como diabetes e hipertens\u00e3o, segundo a Organiza\u00e7\u00e3o Mundial da Sa\u00fade (OMS). Com o avan\u00e7o da idade, o organismo passa por diversas mudan\u00e7as que afetam a maneira como o corpo processa os nutrientes. A taxa metab\u00f3lica diminui, tornando a queima de calorias mais lenta, e a absor\u00e7\u00e3o de alguns nutrientes, como a vitamina B12 e o c\u00e1lcio, pode ser reduzida. Al\u00e9m disso, h\u00e1 uma perda gradual de massa muscular e uma poss\u00edvel diminui\u00e7\u00e3o da sensa\u00e7\u00e3o de sede, aumentando o risco de desidrata\u00e7\u00e3o. Portanto, adotar uma dieta balanceada pode fazer toda a diferen\u00e7a na sa\u00fade f\u00edsica e mental.<\/p>\t\t\t\t\t\t\t\t<\/div>\n\t\t<div class=\"elementor-element elementor-element-4f52df0 e-con-full e-flex e-con e-child\" data-id=\"4f52df0\" data-element_type=\"container\" data-e-type=\"container\">\n\t\t\t\t<div class=\"elementor-element elementor-element-f8c7969 elementor-widget elementor-widget-text-editor\" data-id=\"f8c7969\" data-element_type=\"widget\" data-e-type=\"widget\" data-widget_type=\"text-editor.default\">\n\t\t\t\t\t\t\t\t\t<h2 data-pm-slice=\"1 1 []\">Benef\u00edcios da Alimenta\u00e7\u00e3o Saud\u00e1vel na Terceira Idade<\/h2><ol start=\"1\" data-spread=\"true\"><li><p><strong>Preven\u00e7\u00e3o de Doen\u00e7as Cr\u00f4nicas<\/strong>: <a href=\"https:\/\/aposentardevez.com\/prevencao-da-saude-na-terceira-idade\/\">Uma dieta equilibrada pode ajudar a prevenir doen\u00e7as<\/a> como diabetes, hipertens\u00e3o e doen\u00e7as card\u00edacas, que s\u00e3o mais comuns na terceira idade.<\/p><\/li><li><p><strong>Fortalecimento do Sistema Imunol\u00f3gico<\/strong>: Consumir alimentos ricos em vitaminas e minerais fortalece o sistema imunol\u00f3gico, ajudando a prevenir infec\u00e7\u00f5es e outras doen\u00e7as.<\/p><\/li><li><p><strong>Manuten\u00e7\u00e3o da Massa Muscular<\/strong>: Com o envelhecimento, h\u00e1 uma perda natural de massa muscular. Consumir prote\u00ednas adequadas ajuda a manter a for\u00e7a e a mobilidade.<\/p><\/li><li><p><strong>Melhora da Digest\u00e3o<\/strong>: A inclus\u00e3o de fibras na dieta melhora o tr\u00e2nsito intestinal e previne problemas como a constipa\u00e7\u00e3o.<\/p><\/li><li><p><strong>Sa\u00fade Mental e Bem-estar<\/strong>: Nutrientes como \u00f4mega-3, vitaminas do complexo B e antioxidantes est\u00e3o associados \u00e0 melhora do humor e \u00e0 preven\u00e7\u00e3o de doen\u00e7as neurodegenerativas, como o Alzheimer.<\/p><\/li><\/ol><h2>Principais Nutrientes para a Terceira Idade<\/h2><h3>Prote\u00ednas<\/h3><p>As prote\u00ednas s\u00e3o essenciais para a manuten\u00e7\u00e3o e reparo dos tecidos corporais. Fontes recomendadas incluem:<\/p><ul data-spread=\"false\"><li><p>Carnes magras (frango, peixe)<\/p><\/li><li><p>Ovos<\/p><\/li><li><p>Leguminosas (feij\u00e3o, lentilha)<\/p><\/li><li><p>Derivados do leite (leite, queijo, iogurte)<\/p><\/li><\/ul><h3>Carboidratos Integrais<\/h3><p>Os carboidratos integrais fornecem energia de forma gradual e ajudam a manter os n\u00edveis de glicose est\u00e1veis:<\/p><ul data-spread=\"false\"><li><p>Arroz integral<\/p><\/li><li><p>P\u00e3o integral<\/p><\/li><li><p>Aveia<\/p><\/li><li><p>Quinoa<\/p><\/li><\/ul><h3>Gorduras Saud\u00e1veis<\/h3><p>Gorduras boas auxiliam na absor\u00e7\u00e3o de vitaminas, na prote\u00e7\u00e3o do cora\u00e7\u00e3o e na melhora da fun\u00e7\u00e3o cerebral. Al\u00e9m disso, reduzem o risco de inflama\u00e7\u00f5es, contribuindo para a sa\u00fade geral do organismo:<\/p><ul data-spread=\"false\"><li><p>Azeite de oliva<\/p><\/li><li><p>Oleaginosas (nozes, castanhas)<\/p><\/li><li><p>Abacate<\/p><\/li><li><p>Peixes ricos em \u00f4mega-3 (salm\u00e3o, sardinha)<\/p><\/li><\/ul><h3>Vitaminas e Minerais<\/h3><ul data-spread=\"false\"><li><p><strong>Vitamina D e C\u00e1lcio<\/strong>: Importantes para a sa\u00fade \u00f3ssea. Fontes: latic\u00ednios, ovos e exposi\u00e7\u00e3o solar.<\/p><\/li><li><p><strong>Vitamina B12<\/strong>: Essencial para o sistema nervoso. Fontes: carne, leite e ovos.<\/p><\/li><li><p><strong>Pot\u00e1ssio<\/strong>: Ajuda a controlar a press\u00e3o arterial. Fontes: banana, batata e espinafre.<\/p><\/li><\/ul><h3>Fibras<\/h3><p>As fibras auxiliam na digest\u00e3o e no controle do colesterol:<\/p><ul data-spread=\"false\"><li><p>Frutas (ma\u00e7\u00e3, pera)<\/p><\/li><li><p>Legumes (cenoura, br\u00f3colis)<\/p><\/li><li><p>Gr\u00e3os integrais<\/p><\/li><\/ul><h2>Dicas Pr\u00e1ticas para uma Alimenta\u00e7\u00e3o Saud\u00e1vel<\/h2><p>Adotar h\u00e1bitos alimentares saud\u00e1veis no dia a dia pode parecer um desafio, mas pequenas mudan\u00e7as fazem uma grande diferen\u00e7a. Essas dicas foram pensadas por serem pr\u00e1ticas e f\u00e1ceis de implementar, garantindo que a alimenta\u00e7\u00e3o saud\u00e1vel seja parte natural da rotina.<\/p><ol start=\"1\" data-spread=\"true\"><li><p><strong>Fa\u00e7a Pequenas Refei\u00e7\u00f5es Frequentes<\/strong>: Comer a cada 3 horas ajuda a manter o metabolismo ativo e evita picos de fome.<\/p><\/li><li><p><strong>Hidrate-se Regularmente<\/strong>: Com a idade, a sensa\u00e7\u00e3o de sede diminui. Beba \u00e1gua regularmente, mesmo sem sede.<\/p><\/li><li><p><strong>Limite o Consumo de A\u00e7\u00facar e Sal<\/strong>: Prefira temperos naturais e evite alimentos industrializados.<\/p><\/li><li><p><strong>Prefira Alimentos Naturais<\/strong>: Reduza o consumo de alimentos processados, ricos em conservantes e gorduras trans.<\/p><\/li><li><p><strong>Varie o Card\u00e1pio<\/strong>: Diversifique as fontes de nutrientes para garantir uma ingest\u00e3o completa.<\/p><\/li><li><p><strong>Atente-se \u00e0s Necessidades Individuais<\/strong>: Consulte um nutricionista para criar um plano alimentar personalizado.<\/p><\/li><\/ol><h2>Considera\u00e7\u00f5es Finais<\/h2><p>Para facilitar a ado\u00e7\u00e3o de uma alimenta\u00e7\u00e3o saud\u00e1vel, experimente seguir um plano alimentar simples. Por exemplo, comece o dia com um caf\u00e9 da manh\u00e3 nutritivo contendo frutas, cereais integrais e uma fonte de prote\u00edna. No almo\u00e7o e jantar, priorize vegetais, prote\u00ednas magras e carboidratos complexos. Um pequeno desafio pode ser reduzir o consumo de alimentos ultraprocessados por uma semana e observar os benef\u00edcios.<\/p><p>Adotar uma alimenta\u00e7\u00e3o saud\u00e1vel na terceira idade \u00e9 um investimento na qualidade de vida e no bem-estar. Pequenas mudan\u00e7as podem trazer grandes benef\u00edcios, promovendo uma vida mais ativa e plena. Lembre-se, nunca \u00e9 tarde para come\u00e7ar a cuidar da sua sa\u00fade!<\/p>\t\t\t\t\t\t\t\t<\/div>\n\t\t\t\t<\/div>\n\t\t\t\t<\/div>\n\t\t\t\t\t<\/div>\n\t\t\t\t<\/div>\n\t\t\n<\/div>\n<div class=\"elementor-element elementor-element-b75c40d e-con e-atomic-element e-flexbox-base e-b00a8bb \" data-id=\"b75c40d\" data-element_type=\"e-flexbox\" data-e-type=\"e-flexbox\" data-interaction-id=\"b75c40d\">\n    \t\t<div class=\"elementor-element elementor-element-1af344e elementor-widget elementor-widget-button\" data-id=\"1af344e\" data-element_type=\"widget\" data-e-type=\"widget\" data-widget_type=\"button.default\">\n\t\t\t\t\t\t\t\t\t\t<a class=\"elementor-button elementor-button-link elementor-size-sm\" href=\"https:\/\/aposentardevez.com\/aposentar-de-vez-pagina-inicial\/\">\n\t\t\t\t\t\t<span class=\"elementor-button-content-wrapper\">\n\t\t\t\t\t\t<span class=\"elementor-button-icon\">\n\t\t\t\t<svg aria-hidden=\"true\" class=\"e-font-icon-svg e-fas-arrow-left\" viewBox=\"0 0 448 512\" xmlns=\"http:\/\/www.w3.org\/2000\/svg\"><path d=\"M257.5 445.1l-22.2 22.2c-9.4 9.4-24.6 9.4-33.9 0L7 273c-9.4-9.4-9.4-24.6 0-33.9L201.4 44.7c9.4-9.4 24.6-9.4 33.9 0l22.2 22.2c9.5 9.5 9.3 25-.4 34.3L136.6 216H424c13.3 0 24 10.7 24 24v32c0 13.3-10.7 24-24 24H136.6l120.5 114.8c9.8 9.3 10 24.8.4 34.3z\"><\/path><\/svg>\t\t\t<\/span>\n\t\t\t\t\t\t\t\t\t<span class=\"elementor-button-text\">Voltar<\/span>\n\t\t\t\t\t<\/span>\n\t\t\t\t\t<\/a>\n\t\t\t\t\t\t\t\t<\/div>\n\t\t\n<\/div>\n\t\t<\/div>\n\t\t","protected":false},"excerpt":{"rendered":"<p>Alimenta\u00e7\u00e3o Saud\u00e1vel na Terceira Idade: A alimenta\u00e7\u00e3o saud\u00e1vel \u00e9 um dos pilares fundamentais para manter a qualidade de vida e o bem-estar, especialmente na terceira idade. Estudos mostram que uma dieta equilibrada pode reduzir em at\u00e9 30% o risco de desenvolvimento de doen\u00e7as cr\u00f4nicas, como diabetes e hipertens\u00e3o, segundo a Organiza\u00e7\u00e3o Mundial da Sa\u00fade (OMS). [&hellip;]<\/p>\n","protected":false},"author":1,"featured_media":26,"comment_status":"open","ping_status":"open","sticky":false,"template":"elementor_theme","format":"standard","meta":{"_jetpack_newsletter_access":"","_jetpack_dont_email_post_to_subs":false,"_jetpack_newsletter_tier_id":0,"_jetpack_memberships_contains_paywalled_content":false,"_jetpack_feature_clip_id":0,"_jetpack_memberships_contains_paid_content":false,"_joinchat":[],"footnotes":"","jetpack_post_was_ever_published":false},"categories":[4],"tags":[],"class_list":["post-39","post","type-post","status-publish","format-standard","has-post-thumbnail","hentry","category-saude-e-bem-estar"],"jetpack_likes_enabled":true,"jetpack_sharing_enabled":true,"jetpack_featured_media_url":"https:\/\/aposentardevez.com\/wp-content\/uploads\/2026\/07\/Alimentacao-saudavel-.jpg","_links":{"self":[{"href":"https:\/\/aposentardevez.com\/wp-json\/wp\/v2\/posts\/39","targetHints":{"allow":["GET"]}}],"collection":[{"href":"https:\/\/aposentardevez.com\/wp-json\/wp\/v2\/posts"}],"about":[{"href":"https:\/\/aposentardevez.com\/wp-json\/wp\/v2\/types\/post"}],"author":[{"embeddable":true,"href":"https:\/\/aposentardevez.com\/wp-json\/wp\/v2\/users\/1"}],"replies":[{"embeddable":true,"href":"https:\/\/aposentardevez.com\/wp-json\/wp\/v2\/comments?post=39"}],"version-history":[{"count":53,"href":"https:\/\/aposentardevez.com\/wp-json\/wp\/v2\/posts\/39\/revisions"}],"predecessor-version":[{"id":2038,"href":"https:\/\/aposentardevez.com\/wp-json\/wp\/v2\/posts\/39\/revisions\/2038"}],"wp:featuredmedia":[{"embeddable":true,"href":"https:\/\/aposentardevez.com\/wp-json\/wp\/v2\/media\/26"}],"wp:attachment":[{"href":"https:\/\/aposentardevez.com\/wp-json\/wp\/v2\/media?parent=39"}],"wp:term":[{"taxonomy":"category","embeddable":true,"href":"https:\/\/aposentardevez.com\/wp-json\/wp\/v2\/categories?post=39"},{"taxonomy":"post_tag","embeddable":true,"href":"https:\/\/aposentardevez.com\/wp-json\/wp\/v2\/tags?post=39"}],"curies":[{"name":"wp","href":"https:\/\/api.w.org\/{rel}","templated":true}]}}