{"id":1639,"date":"2026-08-13T19:25:52","date_gmt":"2026-08-13T19:25:52","guid":{"rendered":"https:\/\/aposentardevez.com\/?p=1639"},"modified":"2026-09-03T10:43:33","modified_gmt":"2026-09-03T13:43:33","slug":"7-exercicios-fisicos-leves-para-idosos","status":"publish","type":"post","link":"https:\/\/aposentardevez.com\/7-exercicios-fisicos-leves-para-idosos\/","title":{"rendered":"7 Exerc\u00edcios F\u00edsicos para a Terceira Idade"},"content":{"rendered":"\t\t<div data-elementor-type=\"wp-post\" data-elementor-id=\"1639\" class=\"elementor elementor-1639\" data-elementor-post-type=\"post\">\n\t\t\t\t<div class=\"elementor-element elementor-element-4f049ba e-con e-atomic-element e-flexbox-base e-d27389e \" data-id=\"4f049ba\" data-element_type=\"e-flexbox\" data-e-type=\"e-flexbox\" data-interaction-id=\"4f049ba\">\n    \t\t<div class=\"elementor-element elementor-element-6490ac6 elementor-widget elementor-widget-heading\" data-id=\"6490ac6\" data-element_type=\"widget\" data-e-type=\"widget\" data-widget_type=\"heading.default\">\n\t\t\t\t\t<h1 class=\"elementor-heading-title elementor-size-default\">7  Exerc\u00edcios F\u00edsicos Para a Terceira Idade<\/h1>\t\t\t\t<\/div>\n\t\t\n<\/div>\n<div class=\"elementor-element elementor-element-7cd7858 e-con e-atomic-element e-flexbox-base e-8ea58c6 \" data-id=\"7cd7858\" data-element_type=\"e-flexbox\" data-e-type=\"e-flexbox\" data-interaction-id=\"7cd7858\">\n    \t\t<div class=\"elementor-element elementor-element-6368668 elementor-widget elementor-widget-image\" data-id=\"6368668\" data-element_type=\"widget\" data-e-type=\"widget\" data-widget_type=\"image.default\">\n\t\t\t\t\t\t\t\t\t\t\t\t\t\t\t<img fetchpriority=\"high\" decoding=\"async\" width=\"300\" height=\"200\" src=\"https:\/\/aposentardevez.com\/wp-content\/uploads\/2026\/08\/age-cymru-AO8Y0_CCo-E-unsplash-300x200.jpg\" class=\"attachment-medium size-medium wp-image-1686\" alt=\"\" srcset=\"https:\/\/aposentardevez.com\/wp-content\/uploads\/2026\/08\/age-cymru-AO8Y0_CCo-E-unsplash-300x200.jpg 300w, https:\/\/aposentardevez.com\/wp-content\/uploads\/2026\/08\/age-cymru-AO8Y0_CCo-E-unsplash.jpg 512w\" sizes=\"(max-width: 300px) 100vw, 300px\" \/>\t\t\t\t\t\t\t\t\t\t\t\t\t\t\t<\/div>\n\t\t\n<\/div>\n<div class=\"elementor-element elementor-element-387c98a e-flex e-con-boxed e-con e-parent\" data-id=\"387c98a\" data-element_type=\"container\" data-e-type=\"container\">\n\t\t\t\t\t<div class=\"e-con-inner\">\n\t\t\t\t<div class=\"elementor-element elementor-element-414ec901 elementor-widget elementor-widget-text-editor\" data-id=\"414ec901\" data-element_type=\"widget\" data-e-type=\"widget\" data-widget_type=\"text-editor.default\">\n\t\t\t\t\t\t\t\t\t\n<h2 class=\"wp-block-heading\"><a style=\"font-size: 16px;\" href=\"https:\/\/www.cnnbrasil.com.br\/saude\/exercicios-fisicos-na-terceira-idade-veja-beneficios-e-cuidados\/\" target=\"_blank\" rel=\"noopener\">Exerc\u00edcios f\u00edsicos<\/a><span style=\"font-size: 16px;\"> na Terceira Idade: Envelhecer faz parte da vida, mas envelhecer com sa\u00fade, autonomia e disposi\u00e7\u00e3o depende, em grande parte, dos cuidados que adotamos ao longo dos anos.<\/span><\/h2>\n\n<p class=\"wp-block-paragraph\">Entre esses cuidados,<a href=\"https:\/\/aposentardevez.com\/saude-na-terceira-idade\/\"> a pr\u00e1tica regular de atividade f\u00edsica ocupa um lugar de destaque.<\/a> E quando falamos em exerc\u00edcios para idosos, n\u00e3o estamos necessariamente falando de atividades intensas ou de grandes esfor\u00e7os. Muitas vezes, exerc\u00edcios simples e leves podem contribuir significativamente para manter a mobilidade, fortalecer os m\u00fasculos, melhorar o equil\u00edbrio e proporcionar mais seguran\u00e7a para realizar as atividades do cotidiano.<\/p>\n\n<p class=\"wp-block-paragraph\">Caminhar, alongar-se, fazer exerc\u00edcios de fortalecimento, praticar atividades aqu\u00e1ticas ou simplesmente movimentar o corpo durante o dia s\u00e3o atitudes que podem fazer diferen\u00e7a.<\/p>\n\n<p class=\"wp-block-paragraph\">O mais importante \u00e9 encontrar uma atividade adequada \u00e0s condi\u00e7\u00f5es de cada pessoa e transform\u00e1-la em um h\u00e1bito prazeroso e sustent\u00e1vel.<\/p>\n\n<p class=\"wp-block-paragraph\">Neste artigo, vamos conhecer os benef\u00edcios dos exerc\u00edcios f\u00edsicos leves para idosos, algumas atividades que podem fazer parte da rotina e os cuidados necess\u00e1rios para come\u00e7ar com seguran\u00e7a.<\/p>\n\n<h2 class=\"wp-block-heading\">Por que praticar exerc\u00edcios na terceira idade?<\/h2>\n\n<p class=\"wp-block-paragraph\">Com o passar dos anos, algumas mudan\u00e7as naturais acontecem no organismo. A massa muscular pode diminuir, a flexibilidade tende a ser reduzida e o equil\u00edbrio pode se tornar mais delicado.<\/p>\n\n<p class=\"wp-block-paragraph\">Por isso, permanecer fisicamente ativo pode ajudar a preservar capacidades importantes para a vida cotidiana.<\/p>\n\n<p class=\"wp-block-paragraph\">Uma pessoa que mant\u00e9m o corpo em movimento pode ter mais facilidade para:<\/p>\n\n<ul class=\"wp-block-list\">\n<li>Caminhar;<\/li>\n\n<li>Subir e descer escadas;<\/li>\n\n<li>Levantar-se de uma cadeira;<\/li>\n\n<li>Carregar objetos leves;<\/li>\n\n<li>Realizar tarefas dom\u00e9sticas;<\/li>\n\n<li>Manter a independ\u00eancia;<\/li>\n\n<li>Participar de atividades sociais.<\/li>\n<\/ul>\n\n<p class=\"wp-block-paragraph\">O exerc\u00edcio tamb\u00e9m pode contribuir para o bem-estar emocional, pois movimentar-se pode proporcionar sensa\u00e7\u00e3o de disposi\u00e7\u00e3o, satisfa\u00e7\u00e3o e confian\u00e7a.<\/p>\n\n<h2 class=\"wp-block-heading\">Exerc\u00edcio f\u00edsico n\u00e3o precisa ser pesado<\/h2>\n\n<p class=\"wp-block-paragraph\">Existe uma ideia equivocada de que, para obter benef\u00edcios, \u00e9 necess\u00e1rio fazer exerc\u00edcios intensos.<\/p>\n\n<p class=\"wp-block-paragraph\">Isso n\u00e3o \u00e9 verdade.<\/p>\n\n<p class=\"wp-block-paragraph\">Para muitas pessoas idosas, atividades leves ou moderadas, realizadas regularmente e de acordo com suas condi\u00e7\u00f5es individuais, podem ser uma excelente maneira de permanecer ativo.<\/p>\n\n<p class=\"wp-block-paragraph\">O objetivo n\u00e3o deve ser competir com outras pessoas nem alcan\u00e7ar resultados rapidamente.<\/p>\n\n<p class=\"wp-block-paragraph\">O objetivo \u00e9 movimentar o corpo de maneira segura e consistente.<\/p>\n\n<p class=\"wp-block-paragraph\">Uma caminhada tranquila, por exemplo, pode ser muito mais adequada para determinada pessoa do que um treino intenso.<\/p>\n\n<h2 class=\"wp-block-heading\">1. Caminhada: simples, acess\u00edvel e eficiente<\/h2>\n\n<p class=\"wp-block-paragraph\">A caminhada \u00e9 provavelmente uma das atividades mais f\u00e1ceis de incorporar \u00e0 rotina.<\/p>\n\n<p class=\"wp-block-paragraph\">Ela n\u00e3o exige equipamentos sofisticados e pode ser realizada em diferentes ambientes, desde que sejam seguros.<\/p>\n\n<p class=\"wp-block-paragraph\">Al\u00e9m de movimentar as pernas, caminhar pode contribuir para melhorar o condicionamento f\u00edsico e estimular a circula\u00e7\u00e3o.<\/p>\n\n<p class=\"wp-block-paragraph\">Para quem est\u00e1 come\u00e7ando, uma boa estrat\u00e9gia \u00e9 iniciar com per\u00edodos curtos e aumentar gradualmente, sempre respeitando os pr\u00f3prios limites.<\/p>\n\n<p class=\"wp-block-paragraph\">Uma caminhada acompanhada por um familiar ou amigo tamb\u00e9m pode ser uma oportunidade de socializa\u00e7\u00e3o.<\/p>\n\n<h2 class=\"wp-block-heading\">2. Alongamento e mobilidade<\/h2>\n\n<p class=\"wp-block-paragraph\">Exerc\u00edcios de alongamento podem ajudar a manter a flexibilidade e a amplitude dos movimentos.<\/p>\n\n<p class=\"wp-block-paragraph\">Eles podem ser especialmente \u00fateis para pessoas que passam muito tempo sentadas.<\/p>\n\n<p class=\"wp-block-paragraph\">Alguns movimentos simples podem envolver bra\u00e7os, pernas, pesco\u00e7o e tronco.<\/p>\n\n<p class=\"wp-block-paragraph\">Entretanto, o alongamento n\u00e3o deve causar dor. Movimentos bruscos ou excessivos devem ser evitados.<\/p>\n\n<p class=\"wp-block-paragraph\">A ideia \u00e9 movimentar o corpo suavemente, respeitando seus limites.<\/p>\n\n<h2 class=\"wp-block-heading\">3. Exerc\u00edcios de fortalecimento muscular<\/h2>\n\n<p class=\"wp-block-paragraph\">Manter a for\u00e7a muscular \u00e9 muito importante durante o envelhecimento.<\/p>\n\n<p class=\"wp-block-paragraph\">Exerc\u00edcios de fortalecimento podem ajudar a preservar a capacidade de realizar atividades do cotidiano.<\/p>\n\n<p class=\"wp-block-paragraph\">Dependendo da condi\u00e7\u00e3o f\u00edsica da pessoa, podem ser utilizados:<\/p>\n\n<ul class=\"wp-block-list\">\n<li>Exerc\u00edcios com o peso do pr\u00f3prio corpo;<\/li>\n\n<li>Faixas el\u00e1sticas;<\/li>\n\n<li>Pesos leves;<\/li>\n\n<li>Exerc\u00edcios orientados por profissionais.<\/li>\n<\/ul>\n\n<p class=\"wp-block-paragraph\">O fortalecimento deve ser individualizado. Pessoas sedent\u00e1rias ou com limita\u00e7\u00f5es f\u00edsicas devem procurar orienta\u00e7\u00e3o profissional antes de iniciar esse tipo de atividade.<\/p>\n\n<h2 class=\"wp-block-heading\">4. Exerc\u00edcios para melhorar o equil\u00edbrio<\/h2>\n\n<p class=\"wp-block-paragraph\">O equil\u00edbrio merece aten\u00e7\u00e3o especial na maturidade.<\/p>\n\n<p class=\"wp-block-paragraph\">Exerc\u00edcios espec\u00edficos podem ajudar a desenvolver maior controle corporal e confian\u00e7a nos movimentos.<\/p>\n\n<p class=\"wp-block-paragraph\">Algumas atividades podem ser realizadas com apoio adequado, como ficar em determinadas posi\u00e7\u00f5es por alguns segundos ou realizar movimentos controlados.<\/p>\n\n<p class=\"wp-block-paragraph\">Por seguran\u00e7a, exerc\u00edcios que desafiem o equil\u00edbrio devem ser feitos pr\u00f3ximos a uma estrutura firme ou com acompanhamento profissional quando necess\u00e1rio.<\/p>\n\n<p class=\"wp-block-paragraph\">Nunca vale a pena colocar-se em uma situa\u00e7\u00e3o de risco para tentar realizar um exerc\u00edcio.<\/p>\n\n<h2 class=\"wp-block-heading\">5. Hidrogin\u00e1stica e exerc\u00edcios na \u00e1gua<\/h2>\n\n<p class=\"wp-block-paragraph\">Atividades realizadas dentro da \u00e1gua s\u00e3o bastante procuradas por pessoas mais velhas.<\/p>\n\n<p class=\"wp-block-paragraph\">A \u00e1gua proporciona resist\u00eancia aos movimentos e, dependendo da atividade, pode diminuir o impacto sobre as articula\u00e7\u00f5es.<\/p>\n\n<p class=\"wp-block-paragraph\">A hidrogin\u00e1stica tamb\u00e9m pode ser uma atividade social, permitindo que a pessoa pratique exerc\u00edcios enquanto convive com outras pessoas.<\/p>\n\n<p class=\"wp-block-paragraph\">\u00c9 importante, por\u00e9m, escolher uma modalidade adequada e contar com orienta\u00e7\u00e3o de um profissional capacitado.<\/p>\n\n<h2 class=\"wp-block-heading\">6. Dan\u00e7a: exerc\u00edcio e divers\u00e3o<\/h2>\n\n<p class=\"wp-block-paragraph\">Dan\u00e7ar \u00e9 uma maneira agrad\u00e1vel de movimentar o corpo.<\/p>\n\n<p class=\"wp-block-paragraph\">Al\u00e9m do exerc\u00edcio f\u00edsico, a dan\u00e7a pode estimular a coordena\u00e7\u00e3o, a mem\u00f3ria e a intera\u00e7\u00e3o social.<\/p>\n\n<p class=\"wp-block-paragraph\">N\u00e3o \u00e9 necess\u00e1rio saber dan\u00e7ar profissionalmente.<\/p>\n\n<p class=\"wp-block-paragraph\">Colocar uma m\u00fasica agrad\u00e1vel e movimentar-se de acordo com suas possibilidades j\u00e1 pode transformar uma atividade f\u00edsica em um momento prazeroso.<\/p>\n\n<p class=\"wp-block-paragraph\">Para muitas pessoas, esse aspecto \u00e9 importante porque torna mais f\u00e1cil manter a regularidade.<\/p>\n\n<h2 class=\"wp-block-heading\">7. Exerc\u00edcios sentados<\/h2>\n\n<p class=\"wp-block-paragraph\">Pessoas com mobilidade reduzida tamb\u00e9m podem encontrar maneiras de se movimentar.<\/p>\n\n<p class=\"wp-block-paragraph\">Existem exerc\u00edcios que podem ser realizados sentados, envolvendo bra\u00e7os, pernas e movimentos articulares.<\/p>\n\n<p class=\"wp-block-paragraph\">Eles podem ser \u00fateis para pessoas que t\u00eam dificuldade para permanecer em p\u00e9 durante muito tempo.<\/p>\n\n<p class=\"wp-block-paragraph\">Mas \u00e9 importante lembrar: mesmo exerc\u00edcios aparentemente simples precisam ser adequados \u00e0s condi\u00e7\u00f5es individuais.<\/p>\n\n<h2 class=\"wp-block-heading\">A import\u00e2ncia da regularidade<\/h2>\n\n<p class=\"wp-block-paragraph\">Talvez o maior segredo da atividade f\u00edsica seja a regularidade.<\/p>\n\n<p class=\"wp-block-paragraph\">N\u00e3o adianta fazer uma atividade extremamente intensa uma vez e passar v\u00e1rios dias sem se movimentar.<\/p>\n\n<p class=\"wp-block-paragraph\">\u00c9 muito mais interessante criar uma rotina poss\u00edvel de manter.<\/p>\n\n<p class=\"wp-block-paragraph\">Por exemplo, reservar alguns momentos da semana para caminhar, alongar-se ou fazer exerc\u00edcios orientados pode ser mais sustent\u00e1vel do que estabelecer metas exageradas.<\/p>\n\n<p class=\"wp-block-paragraph\">A melhor atividade f\u00edsica \u00e9 aquela que voc\u00ea consegue realizar com seguran\u00e7a e manter ao longo do tempo.<\/p>\n\n<h2 class=\"wp-block-heading\">Comece devagar<\/h2>\n\n<p class=\"wp-block-paragraph\">Quem est\u00e1 h\u00e1 muito tempo sem praticar exerc\u00edcios deve evitar come\u00e7ar de maneira exagerada.<\/p>\n\n<p class=\"wp-block-paragraph\">Uma boa estrat\u00e9gia \u00e9 come\u00e7ar lentamente e observar como o organismo responde.<\/p>\n\n<p class=\"wp-block-paragraph\">Conforme a pessoa desenvolve condicionamento, a atividade pode ser ajustada gradualmente com orienta\u00e7\u00e3o adequada.<\/p>\n\n<p class=\"wp-block-paragraph\">N\u00e3o existe necessidade de acompanhar o ritmo de outra pessoa.<\/p>\n\n<p class=\"wp-block-paragraph\">Cada organismo possui suas caracter\u00edsticas.<\/p>\n\n<h2 class=\"wp-block-heading\">Seguran\u00e7a deve vir em primeiro lugar<\/h2>\n\n<p class=\"wp-block-paragraph\">Antes de iniciar uma rotina de exerc\u00edcios, especialmente quando existe hist\u00f3rico de doen\u00e7as, limita\u00e7\u00f5es de mobilidade ou longo per\u00edodo de sedentarismo, \u00e9 importante conversar com um profissional de sa\u00fade.<\/p>\n\n<p class=\"wp-block-paragraph\">Algumas pessoas podem precisar de avalia\u00e7\u00e3o espec\u00edfica antes de iniciar determinadas atividades.<\/p>\n\n<p class=\"wp-block-paragraph\">Durante o exerc\u00edcio, sinais como dor intensa, falta de ar fora do habitual, tontura, desmaio ou mal-estar importante merecem aten\u00e7\u00e3o e devem ser avaliados por um profissional.<\/p>\n\n<p class=\"wp-block-paragraph\">Exerc\u00edcio deve contribuir para a sa\u00fade, e n\u00e3o colocar a pessoa em risco.<\/p>\n\n<h2 class=\"wp-block-heading\">Como criar uma rotina de exerc\u00edcios<\/h2>\n\n<p class=\"wp-block-paragraph\">Criar uma rotina simples pode ajudar a transformar a atividade f\u00edsica em h\u00e1bito.<\/p>\n\n<p class=\"wp-block-paragraph\">Uma possibilidade \u00e9 organizar a semana combinando diferentes tipos de movimento.<\/p>\n\n<p class=\"wp-block-paragraph\">Por exemplo:<\/p>\n\n<p class=\"wp-block-paragraph\"><strong>Segunda-feira:<\/strong> caminhada leve.<\/p>\n\n<p class=\"wp-block-paragraph\"><strong>Ter\u00e7a-feira:<\/strong> exerc\u00edcios de mobilidade e alongamento.<\/p>\n\n<p class=\"wp-block-paragraph\"><strong>Quarta-feira:<\/strong> caminhada ou atividade aqu\u00e1tica.<\/p>\n\n<p class=\"wp-block-paragraph\"><strong>Quinta-feira:<\/strong> exerc\u00edcios leves de fortalecimento.<\/p>\n\n<p class=\"wp-block-paragraph\"><strong>Sexta-feira:<\/strong> caminhada.<\/p>\n\n<p class=\"wp-block-paragraph\"><strong>Fim de semana:<\/strong> dan\u00e7a, passeio ou outra atividade prazerosa.<\/p>\n\n<p class=\"wp-block-paragraph\">Esse \u00e9 apenas um exemplo. A rotina deve ser adaptada \u00e0s condi\u00e7\u00f5es e orienta\u00e7\u00f5es de cada pessoa.<\/p>\n\n<h2 class=\"wp-block-heading\">Exerc\u00edcio tamb\u00e9m \u00e9 uma oportunidade de socializa\u00e7\u00e3o<\/h2>\n\n<p class=\"wp-block-paragraph\">Um dos grandes benef\u00edcios da atividade f\u00edsica na maturidade \u00e9 que ela pode aproximar pessoas.<\/p>\n\n<p class=\"wp-block-paragraph\">Caminhar com um amigo, participar de uma aula coletiva ou frequentar um grupo de exerc\u00edcios pode transformar uma obriga\u00e7\u00e3o em um momento agrad\u00e1vel.<\/p>\n\n<p class=\"wp-block-paragraph\">A conviv\u00eancia social tamb\u00e9m \u00e9 importante para o bem-estar.<\/p>\n\n<p class=\"wp-block-paragraph\">Por isso, quando poss\u00edvel, escolher atividades que proporcionem contato com outras pessoas pode ser uma excelente estrat\u00e9gia.<\/p>\n\n<h2 class=\"wp-block-heading\">Movimento no dia a dia tamb\u00e9m conta<\/h2>\n\n<p class=\"wp-block-paragraph\">N\u00e3o precisamos pensar apenas em exerc\u00edcios formais.<\/p>\n\n<p class=\"wp-block-paragraph\">H\u00e1 v\u00e1rias maneiras de aumentar o movimento cotidiano:<\/p>\n\n<ul class=\"wp-block-list\">\n<li>Levantar-se regularmente quando passa muito tempo sentado;<\/li>\n\n<li>Caminhar pequenas dist\u00e2ncias sempre que poss\u00edvel;<\/li>\n\n<li>Fazer tarefas dom\u00e9sticas;<\/li>\n\n<li>Cuidar de plantas;<\/li>\n\n<li>Passear;<\/li>\n\n<li>Brincar com os netos;<\/li>\n\n<li>Utilizar escadas quando for seguro e adequado.<\/li>\n<\/ul>\n\n<p class=\"wp-block-paragraph\">Essas pequenas atitudes ajudam a combater o excesso de tempo parado.<\/p>\n\n<h2 class=\"wp-block-heading\">Como manter a motiva\u00e7\u00e3o?<\/h2>\n\n<p class=\"wp-block-paragraph\">No come\u00e7o, pode ser dif\u00edcil criar um novo h\u00e1bito.<\/p>\n\n<p class=\"wp-block-paragraph\">Uma estrat\u00e9gia \u00e9 escolher atividades que tragam prazer.<\/p>\n\n<p class=\"wp-block-paragraph\">Se voc\u00ea n\u00e3o gosta de academia, talvez uma caminhada no parque seja melhor.<\/p>\n\n<p class=\"wp-block-paragraph\">Se n\u00e3o gosta de caminhar sozinho, convide um amigo.<\/p>\n\n<p class=\"wp-block-paragraph\">Se gosta de m\u00fasica, experimente dan\u00e7ar.<\/p>\n\n<p class=\"wp-block-paragraph\">O exerc\u00edcio n\u00e3o precisa ser uma obriga\u00e7\u00e3o desagrad\u00e1vel.<\/p>\n\n<p class=\"wp-block-paragraph\">Encontrar uma atividade compat\u00edvel com sua personalidade aumenta as chances de continuar.<\/p>\n\n<h2 class=\"wp-block-heading\">O exerc\u00edcio como parte de um envelhecimento saud\u00e1vel<\/h2>\n\n<p class=\"wp-block-paragraph\">A atividade f\u00edsica \u00e9 apenas um dos pilares de uma vida saud\u00e1vel.<\/p>\n\n<p class=\"wp-block-paragraph\">Ela funciona melhor quando est\u00e1 associada a outros cuidados, como:<\/p>\n\n<ul class=\"wp-block-list\">\n<li>Alimenta\u00e7\u00e3o equilibrada;<\/li>\n\n<li>Sono adequado;<\/li>\n\n<li>Acompanhamento de sa\u00fade;<\/li>\n\n<li>Vacina\u00e7\u00e3o em dia;<\/li>\n\n<li>Conv\u00edvio social;<\/li>\n\n<li>Sa\u00fade emocional;<\/li>\n\n<li>Evitar o tabagismo;<\/li>\n\n<li>Uso respons\u00e1vel de medicamentos.<\/li>\n<\/ul>\n\n<p class=\"wp-block-paragraph\">N\u00e3o existe uma \u00fanica atitude capaz de garantir uma vida saud\u00e1vel. O resultado vem do conjunto de h\u00e1bitos.<\/p>\n\n<h2 class=\"wp-block-heading\">N\u00e3o compare seu ritmo com o de outras pessoas<\/h2>\n\n<p class=\"wp-block-paragraph\">Esse conselho \u00e9 especialmente importante.<\/p>\n\n<p class=\"wp-block-paragraph\">Cada pessoa possui uma hist\u00f3ria diferente.<\/p>\n\n<p class=\"wp-block-paragraph\">Uma pessoa de 65 anos pode ter excelente condicionamento f\u00edsico, enquanto outra da mesma idade pode ter limita\u00e7\u00f5es importantes.<\/p>\n\n<p class=\"wp-block-paragraph\">Por isso, comparar desempenhos pode ser injusto e desmotivador.<\/p>\n\n<p class=\"wp-block-paragraph\">O melhor par\u00e2metro \u00e9 voc\u00ea mesmo.<\/p>\n\n<p class=\"wp-block-paragraph\">Pergunte:<\/p>\n\n<p class=\"wp-block-paragraph\"><strong>Estou me movimentando mais do que antes?<\/strong><\/p>\n\n<p class=\"wp-block-paragraph\"><strong>Estou conseguindo realizar minhas atividades com mais facilidade?<\/strong><\/p>\n\n<p class=\"wp-block-paragraph\"><strong>Estou me sentindo mais disposto?<\/strong><\/p>\n\n<p class=\"wp-block-paragraph\">Essas s\u00e3o conquistas importantes.<\/p>\n\n<h2 class=\"wp-block-heading\">Conclus\u00e3o<\/h2>\n\n<p class=\"wp-block-paragraph\">Praticar exerc\u00edcios f\u00edsicos leves pode ser uma excelente maneira de cuidar da sa\u00fade, preservar a autonomia e melhorar a qualidade de vida durante o envelhecimento.<\/p>\n\n<p class=\"wp-block-paragraph\">N\u00e3o \u00e9 necess\u00e1rio come\u00e7ar com grandes desafios.<\/p>\n\n<p class=\"wp-block-paragraph\">Uma caminhada curta, alguns minutos de alongamento, exerc\u00edcios de fortalecimento adequados ou uma dan\u00e7a podem representar o primeiro passo para uma rotina mais ativa.<\/p>\n\n<p class=\"wp-block-paragraph\">O segredo est\u00e1 em respeitar os limites do corpo, buscar orienta\u00e7\u00e3o quando necess\u00e1rio e construir h\u00e1bitos que possam ser mantidos ao longo do tempo.<\/p>\n\n<p class=\"wp-block-paragraph\">Envelhecer n\u00e3o significa parar.<\/p>\n\n<p class=\"wp-block-paragraph\">Significa encontrar novas maneiras de continuar vivendo, aprendendo, movimentando-se e aproveitando a vida.<\/p>\n\n<p class=\"wp-block-paragraph\">No Aposentardevez, acreditamos que cuidar da sa\u00fade \u00e9 tamb\u00e9m investir em liberdade e autonomia. Afinal, quanto melhor cuidamos do nosso corpo e da nossa mente, maiores s\u00e3o as possibilidades de aproveitar plenamente essa importante fase da vida.<\/p>\n\n<h3 class=\"wp-block-heading\">Aviso importante<\/h3>\n\n<p class=\"wp-block-paragraph\">Este artigo tem car\u00e1ter exclusivamente informativo e n\u00e3o substitui avalia\u00e7\u00e3o, diagn\u00f3stico ou orienta\u00e7\u00e3o individualizada de um profissional de sa\u00fade. Antes de iniciar uma nova rotina de exerc\u00edcios, especialmente ap\u00f3s um per\u00edodo prolongado de sedentarismo ou quando existem condi\u00e7\u00f5es de sa\u00fade espec\u00edficas, procure orienta\u00e7\u00e3o profissional.<\/p>\n\n<p class=\"wp-block-paragraph\">Eustaquio da Gl\u00f3ria<\/p>\n\t\t\t\t\t\t\t\t<\/div>\n\t\t\t\t<div class=\"elementor-element elementor-element-246383b elementor-widget elementor-widget-button\" data-id=\"246383b\" data-element_type=\"widget\" data-e-type=\"widget\" data-widget_type=\"button.default\">\n\t\t\t\t\t\t\t\t\t\t<a class=\"elementor-button elementor-button-link elementor-size-sm\" href=\"https:\/\/aposentardevez.com\/aposentar-de-vez-pagina-inicial\/\">\n\t\t\t\t\t\t<span class=\"elementor-button-content-wrapper\">\n\t\t\t\t\t\t<span class=\"elementor-button-icon\">\n\t\t\t\t<svg aria-hidden=\"true\" class=\"e-font-icon-svg e-fas-arrow-left\" viewBox=\"0 0 448 512\" xmlns=\"http:\/\/www.w3.org\/2000\/svg\"><path d=\"M257.5 445.1l-22.2 22.2c-9.4 9.4-24.6 9.4-33.9 0L7 273c-9.4-9.4-9.4-24.6 0-33.9L201.4 44.7c9.4-9.4 24.6-9.4 33.9 0l22.2 22.2c9.5 9.5 9.3 25-.4 34.3L136.6 216H424c13.3 0 24 10.7 24 24v32c0 13.3-10.7 24-24 24H136.6l120.5 114.8c9.8 9.3 10 24.8.4 34.3z\"><\/path><\/svg>\t\t\t<\/span>\n\t\t\t\t\t\t\t\t\t<span class=\"elementor-button-text\">Voltar<\/span>\n\t\t\t\t\t<\/span>\n\t\t\t\t\t<\/a>\n\t\t\t\t\t\t\t\t<\/div>\n\t\t\t\t\t<\/div>\n\t\t\t\t<\/div>\n\t\t<div class=\"elementor-element elementor-element-60620f7 e-con e-atomic-element e-flexbox-base e-5a23419 \" data-id=\"60620f7\" data-element_type=\"e-flexbox\" data-e-type=\"e-flexbox\" data-interaction-id=\"60620f7\">\n    \n<\/div>\n\t\t<\/div>\n\t\t","protected":false},"excerpt":{"rendered":"<p>Exerc\u00edcios f\u00edsicos na Terceira Idade: Envelhecer faz parte da vida, mas envelhecer com sa\u00fade, autonomia e disposi\u00e7\u00e3o depende, em grande parte, dos cuidados que adotamos ao longo dos anos.<\/p>\n","protected":false},"author":1,"featured_media":1686,"comment_status":"open","ping_status":"open","sticky":false,"template":"elementor_canvas","format":"standard","meta":{"_jetpack_newsletter_access":"","_jetpack_dont_email_post_to_subs":false,"_jetpack_newsletter_tier_id":0,"_jetpack_memberships_contains_paywalled_content":false,"_jetpack_feature_clip_id":0,"_jetpack_memberships_contains_paid_content":false,"_joinchat":[],"footnotes":"","jetpack_post_was_ever_published":false},"categories":[4],"tags":[38,37],"class_list":["post-1639","post","type-post","status-publish","format-standard","has-post-thumbnail","hentry","category-saude-e-bem-estar","tag-alimentacao-saudavel","tag-saude-e-bem-estar"],"jetpack_likes_enabled":true,"jetpack_sharing_enabled":true,"jetpack_featured_media_url":"https:\/\/aposentardevez.com\/wp-content\/uploads\/2026\/08\/age-cymru-AO8Y0_CCo-E-unsplash.jpg","_links":{"self":[{"href":"https:\/\/aposentardevez.com\/wp-json\/wp\/v2\/posts\/1639","targetHints":{"allow":["GET"]}}],"collection":[{"href":"https:\/\/aposentardevez.com\/wp-json\/wp\/v2\/posts"}],"about":[{"href":"https:\/\/aposentardevez.com\/wp-json\/wp\/v2\/types\/post"}],"author":[{"embeddable":true,"href":"https:\/\/aposentardevez.com\/wp-json\/wp\/v2\/users\/1"}],"replies":[{"embeddable":true,"href":"https:\/\/aposentardevez.com\/wp-json\/wp\/v2\/comments?post=1639"}],"version-history":[{"count":69,"href":"https:\/\/aposentardevez.com\/wp-json\/wp\/v2\/posts\/1639\/revisions"}],"predecessor-version":[{"id":2689,"href":"https:\/\/aposentardevez.com\/wp-json\/wp\/v2\/posts\/1639\/revisions\/2689"}],"wp:featuredmedia":[{"embeddable":true,"href":"https:\/\/aposentardevez.com\/wp-json\/wp\/v2\/media\/1686"}],"wp:attachment":[{"href":"https:\/\/aposentardevez.com\/wp-json\/wp\/v2\/media?parent=1639"}],"wp:term":[{"taxonomy":"category","embeddable":true,"href":"https:\/\/aposentardevez.com\/wp-json\/wp\/v2\/categories?post=1639"},{"taxonomy":"post_tag","embeddable":true,"href":"https:\/\/aposentardevez.com\/wp-json\/wp\/v2\/tags?post=1639"}],"curies":[{"name":"wp","href":"https:\/\/api.w.org\/{rel}","templated":true}]}}